{"id":13176,"date":"2026-08-31T16:15:24","date_gmt":"2026-08-31T16:15:24","guid":{"rendered":"https:\/\/www.womenonb.com\/?p=13176"},"modified":"2026-08-31T16:15:34","modified_gmt":"2026-08-31T16:15:34","slug":"el-efecto-anestesico-de-la-representacion","status":"publish","type":"post","link":"https:\/\/www.womenonb.com\/en\/el-efecto-anestesico-de-la-representacion\/","title":{"rendered":"El efecto anest\u00e9sico de la representaci\u00f3n."},"content":{"rendered":"<p>Cristina Ramos G\u00f3mez de Balboa, CEO of WOB<\/p><p><strong>Hay datos que incomodan porque cuestionan nuestras certezas sobre el progreso.<\/strong> Este verano, la <em>California Management Review<\/em> public\u00f3 una investigaci\u00f3n de Ayse Karaevli y Serden \u00d6zcan sobre 821 CEOs en Europa Occidental que obligan a mirar la diversidad desde un \u00e1ngulo mucho m\u00e1s exigente.<\/p><p>El hallazgo es contundente: antes del nombramiento de una mujer como CEO, la presencia femenina en los niveles directivos inferiores crece a un ritmo del 3% anual. Tras el nombramiento, ese crecimiento se frena dr\u00e1sticamente hasta el 0,8%.<\/p><p>La lectura r\u00e1pida ser\u00eda pensar que cuando una mujer llega a la cima deja de apoyar a las dem\u00e1s, pero la realidad es m\u00e1s sutil y profunda: <strong><em>lo que ese dato refleja es el efecto anest\u00e9sico que puede generar la representaci\u00f3n.<\/em><\/strong><\/p><p>Cuando se nombra a una CEO, la organizaci\u00f3n tiende a respirar aliviada. Siente que la meta est\u00e1 alcanzada, celebra el hito y, de forma casi inconsciente, relaja la tensi\u00f3n con la que impulsaba el talento en las capas intermedias. Hemos confundido la excepci\u00f3n con la norma y hemos cre\u00eddo que colocar una figura en la cima resuelve por s\u00ed solo las inercias invisibles de toda la estructura.<\/p><p>Ah\u00ed radica el problema de evaluar nuestro avance bas\u00e1ndonos \u00fanicamente en la <strong>representaci\u00f3n<\/strong>. Contar cu\u00e1ntas mujeres ocupan puestos de m\u00e1xima responsabilidad nos ha servido para visibilizar el punto de llegada, pero la foto fija no nos dice nada sobre el camino. Un nombramiento de alto impacto genera una percepci\u00f3n de triunfo que puede enmascarar el estancamiento de quienes vienen dos o tres pelda\u00f1os por detr\u00e1s.<\/p><p>Tras a\u00f1os trabajando junto a directivas extraordinarias, compruebo que el freno no est\u00e1 en la falta de preparaci\u00f3n o de resultados. Est\u00e1 en la velocidad con la que se acumulan las experiencias que realmente otorgan peso directivo: la responsabilidad directa sobre el negocio, la exposici\u00f3n ante decisiones complejas y ese <em>sponsorship<\/em> activo que hace que alguien pronuncie tu nombre en una sala de decisiones cuando t\u00fa no est\u00e1s presente.<\/p><p><strong><em>Por eso creo que ha llegado el momento de evolucionar esta conversaci\u00f3n y poner el foco en el MOVIMIENTO.<\/em><\/strong><\/p><p>El movimiento no es una cifra est\u00e1tica al final del a\u00f1o; es la tracci\u00f3n diaria. Es que una profesional asuma un proyecto que multiplique su visibilidad, es la decisi\u00f3n consciente de integrarla en una conversaci\u00f3n estrat\u00e9gica antes de que ocupe el cargo formal. Estas din\u00e1micas no generan grandes titulares ni comunicaciones corporativas triunfales, pero son el \u00fanico motor real que determina qui\u00e9n estar\u00e1 en disposici\u00f3n de liderar dentro de cinco o diez a\u00f1os.<\/p><p>El estudio nos deja un recordatorio imprescindible: un gran nombramiento es un s\u00edmbolo de progreso, pero jam\u00e1s la garant\u00eda de que el sistema est\u00e9 avanzando al mismo ritmo.<\/p><p>La representaci\u00f3n nos ense\u00f1a qui\u00e9n ha llegado, pero el movimiento nos revela si realmente estamos construyendo el camino para las dem\u00e1s. Es en la tracci\u00f3n invisible donde nos jugamos el verdadero impacto.&nbsp;<\/p><p>Hacer que ese movimiento no se detenga nunca es la raz\u00f3n de ser de WOB y mi compromiso personal como CEO.<\/p>","protected":false},"excerpt":{"rendered":"<p>Cristina Ramos G\u00f3mez de Balboa, CEO de WOB Hay datos que incomodan porque cuestionan nuestras certezas sobre el progreso. Este verano, la California Management Review public\u00f3 una investigaci\u00f3n de Ayse Karaevli y Serden \u00d6zcan sobre 821 CEOs en Europa Occidental que obligan a mirar la diversidad desde un \u00e1ngulo mucho m\u00e1s exigente. El hallazgo es [&hellip;]<\/p>","protected":false},"author":1,"featured_media":13177,"comment_status":"open","ping_status":"open","sticky":false,"template":"","format":"standard","meta":{"inline_featured_image":false,"footnotes":""},"categories":[],"tags":[],"class_list":["post-13176","post","type-post","status-publish","format-standard","has-post-thumbnail","hentry"],"_links":{"self":[{"href":"https:\/\/www.womenonb.com\/en\/wp-json\/wp\/v2\/posts\/13176"}],"collection":[{"href":"https:\/\/www.womenonb.com\/en\/wp-json\/wp\/v2\/posts"}],"about":[{"href":"https:\/\/www.womenonb.com\/en\/wp-json\/wp\/v2\/types\/post"}],"author":[{"embeddable":true,"href":"https:\/\/www.womenonb.com\/en\/wp-json\/wp\/v2\/users\/1"}],"replies":[{"embeddable":true,"href":"https:\/\/www.womenonb.com\/en\/wp-json\/wp\/v2\/comments?post=13176"}],"version-history":[{"count":1,"href":"https:\/\/www.womenonb.com\/en\/wp-json\/wp\/v2\/posts\/13176\/revisions"}],"predecessor-version":[{"id":13178,"href":"https:\/\/www.womenonb.com\/en\/wp-json\/wp\/v2\/posts\/13176\/revisions\/13178"}],"wp:featuredmedia":[{"embeddable":true,"href":"https:\/\/www.womenonb.com\/en\/wp-json\/wp\/v2\/media\/13177"}],"wp:attachment":[{"href":"https:\/\/www.womenonb.com\/en\/wp-json\/wp\/v2\/media?parent=13176"}],"wp:term":[{"taxonomy":"category","embeddable":true,"href":"https:\/\/www.womenonb.com\/en\/wp-json\/wp\/v2\/categories?post=13176"},{"taxonomy":"post_tag","embeddable":true,"href":"https:\/\/www.womenonb.com\/en\/wp-json\/wp\/v2\/tags?post=13176"}],"curies":[{"name":"wp","href":"https:\/\/api.w.org\/{rel}","templated":true}]}}